{"id":3897,"date":"2023-11-15T08:54:20","date_gmt":"2023-11-15T07:54:20","guid":{"rendered":"https:\/\/espritlibre.ovh\/?p=3897"},"modified":"2026-02-16T15:05:40","modified_gmt":"2026-02-16T14:05:40","slug":"on-arrive","status":"publish","type":"post","link":"https:\/\/espritlibre.ovh\/?p=3897","title":{"rendered":"On arrive !"},"content":{"rendered":"\n<figure class=\"wp-block-image aligncenter size-large is-resized\"><img data-recalc-dims=\"1\" loading=\"lazy\" decoding=\"async\" width=\"640\" height=\"320\" src=\"https:\/\/i0.wp.com\/espritlibre.ovh\/wp-content\/uploads\/2023\/11\/on-arrive.jpg?resize=640%2C320&#038;ssl=1\" alt=\"\" class=\"wp-image-3898\" style=\"width:537px;height:auto\" srcset=\"https:\/\/i0.wp.com\/espritlibre.ovh\/wp-content\/uploads\/2023\/11\/on-arrive.jpg?resize=1024%2C512&amp;ssl=1 1024w, https:\/\/i0.wp.com\/espritlibre.ovh\/wp-content\/uploads\/2023\/11\/on-arrive.jpg?resize=300%2C150&amp;ssl=1 300w, https:\/\/i0.wp.com\/espritlibre.ovh\/wp-content\/uploads\/2023\/11\/on-arrive.jpg?resize=768%2C384&amp;ssl=1 768w, https:\/\/i0.wp.com\/espritlibre.ovh\/wp-content\/uploads\/2023\/11\/on-arrive.jpg?w=1440&amp;ssl=1 1440w, https:\/\/i0.wp.com\/espritlibre.ovh\/wp-content\/uploads\/2023\/11\/on-arrive.jpg?w=1280&amp;ssl=1 1280w\" sizes=\"auto, (max-width: 640px) 100vw, 640px\" \/><\/figure>\n\n\n\n<p><strong>Sinueux emplacement du retour hivernal condescendant au tumulte oraculaire<\/strong><\/p>\n\n\n\n<p><strong>Les persans subarctiques surgissent sur une rainure d&rsquo;automne  oubli\u00e9<\/strong><\/p>\n\n\n\n<p><strong>Profile d&rsquo;\u00e9tat d\u00e9biteur enrubann\u00e9e dans une licence identitaire <\/strong><\/p>\n\n\n\n<p><strong>Tout est envisageable, tout est fr\u00e9quentable, ouvrons les chakras <\/strong><\/p>\n\n\n\n<div class=\"wp-block-columns is-layout-flex wp-container-core-columns-is-layout-28f84493 wp-block-columns-is-layout-flex\">\n<div class=\"wp-block-column is-layout-flow wp-block-column-is-layout-flow\"><\/div>\n<\/div>\n\n\n\n<p><strong>On ferme les devantures  de la fraternit\u00e9 et disparait l&rsquo;\u00e2me amicale  d&rsquo;une nation<\/strong><\/p>\n\n\n\n<p><strong>Anarchie d\u00e9l\u00e9t\u00e8re, gauche de l&rsquo;extr\u00eame r\u00e9prim\u00e9e, cr\u00e8me de l&rsquo;angoisse d\u00e9chue <\/strong><\/p>\n\n\n\n<p><strong>On presse la d\u00e9mocratie vers une arl\u00e9sienne de la pens\u00e9e \u00e9triqu\u00e9e <\/strong><\/p>\n\n\n\n<p><strong>On inspire au factuel d\u00e9termin\u00e9 \u00e0 rejoindre la norme des premiers de cord\u00e9e<\/strong><\/p>\n\n\n\n<div class=\"wp-block-columns is-layout-flex wp-container-core-columns-is-layout-28f84493 wp-block-columns-is-layout-flex\">\n<div class=\"wp-block-column is-layout-flow wp-block-column-is-layout-flow\"><\/div>\n<\/div>\n\n\n\n<p><strong>R\u00e2le du d\u00e9mocrate exemplaire face \u00e0 ce monde parfois adult\u00e8re<\/strong><\/p>\n\n\n\n<p><strong>R\u00e9duction de la libre expression insipide et r\u00e9currente<\/strong> <\/p>\n\n\n\n<p><strong>Une libert\u00e9 peu \u00e0 peu r\u00e9duite sur un chemin de l&rsquo;existence <\/strong><\/p>\n\n\n\n<p><strong>Source d&rsquo;impr\u00e9vu branquignole issue de l&rsquo;incertain gr\u00eale<\/strong><\/p>\n\n\n\n<div class=\"wp-block-columns is-layout-flex wp-container-core-columns-is-layout-28f84493 wp-block-columns-is-layout-flex\">\n<div class=\"wp-block-column is-layout-flow wp-block-column-is-layout-flow\"><\/div>\n<\/div>\n\n\n\n<p><strong>Epingle du temps argotique mortifi\u00e9e en trouble aphonique <\/strong><\/p>\n\n\n\n<p><strong>Sinueuse r\u00e9tine des d\u00e9cibels gothiques effil\u00e9es et fr\u00e9quentable<\/strong>s<\/p>\n\n\n\n<p><strong>Mieux vaut une organisation raciste et calme qu&rsquo;une gauche \u00e9pileptique <\/strong><\/p>\n\n\n\n<p><strong>Le rat pend le pouvoir et la belette n&rsquo;a plus qu&rsquo;\u00e0 hiberner un temps soit peu <\/strong><\/p>\n\n\n\n<p><strong>FQ-23<\/strong><\/p>\n\n\n\n<p class=\"has-white-color has-text-color has-link-color wp-elements-6f661583dabf73f1c2e3bf3f5e234a2e\">On arrive<\/p>\n","protected":false},"excerpt":{"rendered":"<p>Sinueux emplacement du retour hivernal condescendant au tumulte oraculaire Les persans subarctiques surgissent sur une rainure d&rsquo;automne oubli\u00e9<\/p>\n","protected":false},"author":1,"featured_media":3898,"comment_status":"open","ping_status":"open","sticky":false,"template":"","format":"standard","meta":{"_jetpack_memberships_contains_paid_content":false,"footnotes":""},"categories":[18,26,64],"tags":[],"class_list":["post-3897","post","type-post","status-publish","format-standard","has-post-thumbnail","hentry","category-frederic-quillet","category-esprit-politique","category-etreme-droite"],"jetpack_featured_media_url":"https:\/\/i0.wp.com\/espritlibre.ovh\/wp-content\/uploads\/2023\/11\/on-arrive.jpg?fit=1440%2C720&ssl=1","jetpack-related-posts":[{"id":1101,"url":"https:\/\/espritlibre.ovh\/?p=1101","url_meta":{"origin":3897,"position":0},"title":"Saisissez le titre !","author":"Esprit Libre","date":"26 ao\u00fbt 2022","format":false,"excerpt":"Un miracle de p\u00e9nitence surgit des robes d\u00e9garnies de Mars Aucune onde \u00e0 l'horizon, tout est en marche reconfigur\u00e9e Seule le merle bleu s'insoumis de cris de d\u00e9sespoirs en manipulant ses moutons On ne sait plus qui de la luzerne va gronder le plus fort Soudain, se pr\u00e9sente une pinc\u00e9e\u2026","rel":"","context":"Dans &quot;Fr\u00e9d\u00e9ric Quillet&quot;","block_context":{"text":"Fr\u00e9d\u00e9ric Quillet","link":"https:\/\/espritlibre.ovh\/?cat=18"},"img":{"alt_text":"","src":"https:\/\/i0.wp.com\/espritlibre.ovh\/wp-content\/uploads\/2022\/08\/moon-ga1ce37dfb_1920.jpg?fit=1200%2C678&ssl=1&resize=350%2C200","width":350,"height":200,"srcset":"https:\/\/i0.wp.com\/espritlibre.ovh\/wp-content\/uploads\/2022\/08\/moon-ga1ce37dfb_1920.jpg?fit=1200%2C678&ssl=1&resize=350%2C200 1x, https:\/\/i0.wp.com\/espritlibre.ovh\/wp-content\/uploads\/2022\/08\/moon-ga1ce37dfb_1920.jpg?fit=1200%2C678&ssl=1&resize=525%2C300 1.5x, https:\/\/i0.wp.com\/espritlibre.ovh\/wp-content\/uploads\/2022\/08\/moon-ga1ce37dfb_1920.jpg?fit=1200%2C678&ssl=1&resize=700%2C400 2x, https:\/\/i0.wp.com\/espritlibre.ovh\/wp-content\/uploads\/2022\/08\/moon-ga1ce37dfb_1920.jpg?fit=1200%2C678&ssl=1&resize=1050%2C600 3x"},"classes":[]},{"id":7721,"url":"https:\/\/espritlibre.ovh\/?p=7721","url_meta":{"origin":3897,"position":1},"title":"Le Capharna\u00fcm des pluriels","author":"Esprit Libre","date":"5 mars 2026","format":false,"excerpt":"Exit les Sandrine, Val\u00e9rie ou encore Fr\u00e9d\u00e9ric, place aux Tankred, Lana, Le\u00efla, Tom, Arthur..... 29 ans apr\u00e8s la premi\u00e8re \u00e9dition, le festival \"Les Pluriels\" sonne \u00e0 nouveau la charge culturelle. L'\u00e9dition 2026 a pour th\u00e9matique le capharna\u00fcm. M\u00e9lange des genres artistiques, musicaux et des genres tout court. Tout cela plong\u00e9\u2026","rel":"","context":"Dans &quot;Actualit\u00e9s&quot;","block_context":{"text":"Actualit\u00e9s","link":"https:\/\/espritlibre.ovh\/?cat=16"},"img":{"alt_text":"","src":"https:\/\/i0.wp.com\/espritlibre.ovh\/wp-content\/uploads\/2026\/03\/capharnaum.png?fit=1200%2C413&ssl=1&resize=350%2C200","width":350,"height":200,"srcset":"https:\/\/i0.wp.com\/espritlibre.ovh\/wp-content\/uploads\/2026\/03\/capharnaum.png?fit=1200%2C413&ssl=1&resize=350%2C200 1x, https:\/\/i0.wp.com\/espritlibre.ovh\/wp-content\/uploads\/2026\/03\/capharnaum.png?fit=1200%2C413&ssl=1&resize=525%2C300 1.5x, https:\/\/i0.wp.com\/espritlibre.ovh\/wp-content\/uploads\/2026\/03\/capharnaum.png?fit=1200%2C413&ssl=1&resize=700%2C400 2x, https:\/\/i0.wp.com\/espritlibre.ovh\/wp-content\/uploads\/2026\/03\/capharnaum.png?fit=1200%2C413&ssl=1&resize=1050%2C600 3x"},"classes":[]},{"id":844,"url":"https:\/\/espritlibre.ovh\/?p=844","url_meta":{"origin":3897,"position":2},"title":"L&rsquo;humain est-il bon pour la plan\u00e8te ?","author":"Esprit Libre","date":"25 mai 2022","format":false,"excerpt":"Perdue, \u00e9vad\u00e9e, envol\u00e9e dans l'instant, impression salivaire pigment\u00e9e Besogneuse, la fourmi s'\u00e9tiole sur un rhododendron d'inde et rare Ruth et Bagua en savent quelque chose. c'est tr\u00e8s spasmoldieux d'hic ! On prie, on crie, on larme, on s'entiche, on s'\u00e9tiche, tout en nez pale ! O\u00f9 sont pass\u00e9es les ondes\u2026","rel":"","context":"Dans &quot;Non class\u00e9&quot;","block_context":{"text":"Non class\u00e9","link":"https:\/\/espritlibre.ovh\/?cat=1"},"img":{"alt_text":"","src":"https:\/\/i0.wp.com\/espritlibre.ovh\/wp-content\/uploads\/2021\/11\/terre-1024x768-1.jpg?fit=1024%2C768&ssl=1&resize=350%2C200","width":350,"height":200,"srcset":"https:\/\/i0.wp.com\/espritlibre.ovh\/wp-content\/uploads\/2021\/11\/terre-1024x768-1.jpg?fit=1024%2C768&ssl=1&resize=350%2C200 1x, https:\/\/i0.wp.com\/espritlibre.ovh\/wp-content\/uploads\/2021\/11\/terre-1024x768-1.jpg?fit=1024%2C768&ssl=1&resize=525%2C300 1.5x, https:\/\/i0.wp.com\/espritlibre.ovh\/wp-content\/uploads\/2021\/11\/terre-1024x768-1.jpg?fit=1024%2C768&ssl=1&resize=700%2C400 2x"},"classes":[]},{"id":572,"url":"https:\/\/espritlibre.ovh\/?p=572","url_meta":{"origin":3897,"position":3},"title":"La haine","author":"Esprit Libre","date":"13 f\u00e9vrier 2022","format":false,"excerpt":"La Haine n'est que le fruit d'un arbre trouvant ses racines dans la peur Des germes\u00a0 d'id\u00e9es macabres Fleurissant dans tous les c\u0153urs\u00a0\u00a0 Emanations au doux parfum de racisme ar\u00f4mes de col\u00e8res, fragrances d'indiff\u00e9rence\u00a0 Jailli une \u00e9motion d\u00e9viant les sentiments comme un prisme\u00a0 Tout n'est que couleurs, mais toutes naissent\u2026","rel":"","context":"Dans &quot;Balou&quot;","block_context":{"text":"Balou","link":"https:\/\/espritlibre.ovh\/?cat=19"},"img":{"alt_text":"","src":"https:\/\/i0.wp.com\/espritlibre.ovh\/wp-content\/uploads\/2022\/02\/mind-g800830dd9_640.jpg?fit=640%2C494&ssl=1&resize=350%2C200","width":350,"height":200,"srcset":"https:\/\/i0.wp.com\/espritlibre.ovh\/wp-content\/uploads\/2022\/02\/mind-g800830dd9_640.jpg?fit=640%2C494&ssl=1&resize=350%2C200 1x, https:\/\/i0.wp.com\/espritlibre.ovh\/wp-content\/uploads\/2022\/02\/mind-g800830dd9_640.jpg?fit=640%2C494&ssl=1&resize=525%2C300 1.5x"},"classes":[]},{"id":223,"url":"https:\/\/espritlibre.ovh\/?p=223","url_meta":{"origin":3897,"position":4},"title":"L\u2019\u00e9dent\u00e9 d\u2019avril","author":"Esprit Libre","date":"16 novembre 2021","format":false,"excerpt":"Alchimiste \u00e0 ses heures creuses, cocu aux pleines, il irrite le temps Le ciel celtique fait l\u2019appoint sur ce qu\u2019il reste en victuailles Il bassine ses fr\u00e8res pour trouver un z\u00e8bre bleut\u00e9 d\u2019argent L\u2019oreillette \u00e0 la bouche, il brouille toutes traces de cath\u00e9drale L\u2019\u00e9dent\u00e9 d\u2019Avril connait la secousse des corps\u2026","rel":"","context":"Dans &quot;Expression Libre&quot;","block_context":{"text":"Expression Libre","link":"https:\/\/espritlibre.ovh\/?cat=3"},"img":{"alt_text":"","src":"https:\/\/i0.wp.com\/espritlibre.ovh\/wp-content\/uploads\/2021\/11\/ledente.jpg?fit=640%2C426&ssl=1&resize=350%2C200","width":350,"height":200,"srcset":"https:\/\/i0.wp.com\/espritlibre.ovh\/wp-content\/uploads\/2021\/11\/ledente.jpg?fit=640%2C426&ssl=1&resize=350%2C200 1x, https:\/\/i0.wp.com\/espritlibre.ovh\/wp-content\/uploads\/2021\/11\/ledente.jpg?fit=640%2C426&ssl=1&resize=525%2C300 1.5x"},"classes":[]},{"id":314,"url":"https:\/\/espritlibre.ovh\/?p=314","url_meta":{"origin":3897,"position":5},"title":"Finissons-en avec Dieu !","author":"Esprit Libre","date":"16 novembre 2021","format":false,"excerpt":"Qui vous apprend cette histoire ? La plus \u00e9trange o\u00f9 les cons dorment debout . Celle de Dieu. Le d\u00e9but et la fin de tout comme le cochon du sahel, la truie de l\u2019oubli d\u00e9f\u00e9catoire ! L\u2019orangeade sans bulles \u00e9toil\u00e9es . Un corps clout\u00e9 pi\u00e9tin\u00e9 par un passage al\u00e9atoire. Membrane\u2026","rel":"","context":"Dans &quot;Expression Libre&quot;","block_context":{"text":"Expression Libre","link":"https:\/\/espritlibre.ovh\/?cat=3"},"img":{"alt_text":"","src":"https:\/\/i0.wp.com\/espritlibre.ovh\/wp-content\/uploads\/2021\/11\/fantasy-3186483_640.jpg?fit=640%2C362&ssl=1&resize=350%2C200","width":350,"height":200,"srcset":"https:\/\/i0.wp.com\/espritlibre.ovh\/wp-content\/uploads\/2021\/11\/fantasy-3186483_640.jpg?fit=640%2C362&ssl=1&resize=350%2C200 1x, https:\/\/i0.wp.com\/espritlibre.ovh\/wp-content\/uploads\/2021\/11\/fantasy-3186483_640.jpg?fit=640%2C362&ssl=1&resize=525%2C300 1.5x"},"classes":[]}],"jetpack_sharing_enabled":true,"_links":{"self":[{"href":"https:\/\/espritlibre.ovh\/index.php?rest_route=\/wp\/v2\/posts\/3897","targetHints":{"allow":["GET"]}}],"collection":[{"href":"https:\/\/espritlibre.ovh\/index.php?rest_route=\/wp\/v2\/posts"}],"about":[{"href":"https:\/\/espritlibre.ovh\/index.php?rest_route=\/wp\/v2\/types\/post"}],"author":[{"embeddable":true,"href":"https:\/\/espritlibre.ovh\/index.php?rest_route=\/wp\/v2\/users\/1"}],"replies":[{"embeddable":true,"href":"https:\/\/espritlibre.ovh\/index.php?rest_route=%2Fwp%2Fv2%2Fcomments&post=3897"}],"version-history":[{"count":0,"href":"https:\/\/espritlibre.ovh\/index.php?rest_route=\/wp\/v2\/posts\/3897\/revisions"}],"wp:featuredmedia":[{"embeddable":true,"href":"https:\/\/espritlibre.ovh\/index.php?rest_route=\/wp\/v2\/media\/3898"}],"wp:attachment":[{"href":"https:\/\/espritlibre.ovh\/index.php?rest_route=%2Fwp%2Fv2%2Fmedia&parent=3897"}],"wp:term":[{"taxonomy":"category","embeddable":true,"href":"https:\/\/espritlibre.ovh\/index.php?rest_route=%2Fwp%2Fv2%2Fcategories&post=3897"},{"taxonomy":"post_tag","embeddable":true,"href":"https:\/\/espritlibre.ovh\/index.php?rest_route=%2Fwp%2Fv2%2Ftags&post=3897"}],"curies":[{"name":"wp","href":"https:\/\/api.w.org\/{rel}","templated":true}]}}