{"id":7483,"date":"2025-12-06T06:06:15","date_gmt":"2025-12-06T05:06:15","guid":{"rendered":"https:\/\/espritlibre.ovh\/?p=7483"},"modified":"2026-02-16T14:47:21","modified_gmt":"2026-02-16T13:47:21","slug":"le-temps-segare","status":"publish","type":"post","link":"https:\/\/espritlibre.ovh\/?p=7483","title":{"rendered":"Le temps s&rsquo;\u00e9gare"},"content":{"rendered":"\n<p>D\u00e9verser le sang de l&rsquo;impur au nom du missel <\/p>\n\n\n\n<p>Effacer les traces de l&rsquo;inconstante croyance de Torquemada <\/p>\n\n\n\n<p>Graine de sentences, roi de nuisances, errance du juif atterr\u00e9<\/p>\n\n\n\n<p>On oublie vite, on oublie vite , on pardonne vite, <\/p>\n\n\n\n<div class=\"wp-block-columns is-layout-flex wp-container-core-columns-is-layout-28f84493 wp-block-columns-is-layout-flex\">\n<div class=\"wp-block-column is-layout-flow wp-block-column-is-layout-flow\"><\/div>\n<\/div>\n\n\n\n<p>Oxyde de sel et gouvernants de terreur, les thoriques s\u00e9vissent <\/p>\n\n\n\n<p>Sur l&rsquo;orient, au fond de l&rsquo;occident et on en fait un orgasme s\u00e9mantique <\/p>\n\n\n\n<p>Une fiert\u00e9 indicible pr\u00f4nant la lign\u00e9e et l&rsquo;histoire des Europ\u00e9ens <\/p>\n\n\n\n<p>Comment peut-on \u00eatre fier de ces origines ?<\/p>\n\n\n\n<div class=\"wp-block-columns is-layout-flex wp-container-core-columns-is-layout-28f84493 wp-block-columns-is-layout-flex\">\n<div class=\"wp-block-column is-layout-flow wp-block-column-is-layout-flow\"><\/div>\n<\/div>\n\n\n\n<p>Tumultes canoniques qui r\u00e9int\u00e8grent l&rsquo;int\u00e9grisme dans le conclave<\/p>\n\n\n\n<p>Les v\u00e9rit\u00e9s des le\u00e7ons donn\u00e9es par la puret\u00e9 religieuse<\/p>\n\n\n\n<p>Celle qui crache sur la diversit\u00e9 pourtant divine et voulue par l&rsquo;unique<\/p>\n\n\n\n<p>Les origines de cette croyance d\u00e9cim\u00e9e prenant un jour le pouvoir dans une Rome \u00e9miett\u00e9e <\/p>\n\n\n\n<div class=\"wp-block-columns is-layout-flex wp-container-core-columns-is-layout-28f84493 wp-block-columns-is-layout-flex\">\n<div class=\"wp-block-column is-layout-flow wp-block-column-is-layout-flow\"><\/div>\n<\/div>\n\n\n\n<p>Perdu quelque part dans les m\u00e9andres de la vengeance au nom du cavalier celtique <\/p>\n\n\n\n<p>L&rsquo;\u00e9tendard du silence sonne le glas du multiculturalisme  <\/p>\n\n\n\n<p>Revanche, revanche ! Ils n&rsquo;ont que cela \u00e0 la bouche &#8230; Tous&#8230;&#8230;<\/p>\n\n\n\n<p>Prenant en otage le croyant authentique qui se mute dans l&rsquo;agueusie <\/p>\n\n\n\n<div class=\"wp-block-columns is-layout-flex wp-container-core-columns-is-layout-28f84493 wp-block-columns-is-layout-flex\">\n<div class=\"wp-block-column is-layout-flow wp-block-column-is-layout-flow\"><\/div>\n<\/div>\n\n\n\n<p>Au final le plus fort fait parler la poudre de la croix, du croissant et de l&rsquo;\u00e9toile <\/p>\n\n\n\n<p>Imaginez un monde sans religion d&rsquo;\u00e9tat. Un monde sans \u00e9p\u00e9e de Damocl\u00e8s<\/p>\n\n\n\n<p>Imaginez aussi un monde respectueux des diff\u00e9rences <\/p>\n\n\n\n<p>Et dans ce train utopique, j&rsquo;ai pris place.  Et tant pis si l&rsquo;on me moque <\/p>\n\n\n\n<div class=\"wp-block-columns is-layout-flex wp-container-core-columns-is-layout-28f84493 wp-block-columns-is-layout-flex\">\n<div class=\"wp-block-column is-layout-flow wp-block-column-is-layout-flow\"><\/div>\n<\/div>\n\n\n\n<p>Et dans cette univers multiculturel, je me faufile tel l&rsquo;onagre des bals s\u00e9ditieux <\/p>\n\n\n\n<p>Je leur offre volontiers l&rsquo;huile de l&rsquo;alliance nouvelle, l&rsquo;onction du m\u00e9lange<\/p>\n\n\n\n<p>A l&rsquo;heure  de l&rsquo;inversion, des valeurs humaines volant en \u00e9clat pour un nuage sombr\u00e9 <\/p>\n\n\n\n<p>O\u00f9 est la voie de l&rsquo;insolente sagesse crainte par les dominants ? <\/p>\n\n\n\n<div class=\"wp-block-columns is-layout-flex wp-container-core-columns-is-layout-28f84493 wp-block-columns-is-layout-flex\">\n<div class=\"wp-block-column is-layout-flow wp-block-column-is-layout-flow\"><\/div>\n<\/div>\n\n\n\n<p>Entre celui qui reste et celui qui part, je serai celui qui songe \u00e0 une autre destin\u00e9e <\/p>\n\n\n\n<p>Celui qui croit encore \u00e0 la fleur humaine, \u00e0 son mitog\u00e8ne. Tout est partage<\/p>\n\n\n\n<p>Battre ce cancer de l&rsquo;humanit\u00e9 qui se dirige vers la destruction <\/p>\n\n\n\n<p> Nous pouvons gagner, nous devons gagner&#8230;&#8230;.Nous gagnerons <\/p>\n\n\n\n<p>Le temps s\u2019\u00e9gare<\/p>\n\n\n\n<p>Fr\u00e9d\u00e9ric Quillet <\/p>\n","protected":false},"excerpt":{"rendered":"<p>D\u00e9verser le sang de l&rsquo;impur au nom du missel Effacer les traces de l&rsquo;inconstante croyance de Torquemada Graine<\/p>\n","protected":false},"author":1,"featured_media":7484,"comment_status":"open","ping_status":"open","sticky":false,"template":"","format":"standard","meta":{"_jetpack_memberships_contains_paid_content":false,"footnotes":""},"categories":[25,70,18],"tags":[],"class_list":["post-7483","post","type-post","status-publish","format-standard","has-post-thumbnail","hentry","category-esprit-libre","category-espoir","category-frederic-quillet"],"jetpack_featured_media_url":"https:\/\/i0.wp.com\/espritlibre.ovh\/wp-content\/uploads\/2025\/12\/espoir.jpg?fit=275%2C183&ssl=1","jetpack-related-posts":[{"id":5704,"url":"https:\/\/espritlibre.ovh\/?p=5704","url_meta":{"origin":7483,"position":0},"title":"Ou vas-tu ?","author":"Esprit Libre","date":"22 d\u00e9cembre 2024","format":false,"excerpt":"O\u00f9 vas-tu? je cours apr\u00e8s le son O\u00f9 loges-tu ? Dans ma grotte \u00e0 frites empil\u00e9es Pourquoi une telle patate ? Tu devrai y aller \u00e0 l\u2019\u00e9conome ! Je connais le jour qui limite les eaux Vas donc effiler l\u2019\u00e9toile d\u00e9tr\u00f4n\u00e9e indicible Je suis \u00e0 l\u2019aube de la synergie gratifiante\u2026","rel":"","context":"Dans &quot;Fr\u00e9d\u00e9ric Quillet&quot;","block_context":{"text":"Fr\u00e9d\u00e9ric Quillet","link":"https:\/\/espritlibre.ovh\/?cat=18"},"img":{"alt_text":"","src":"","width":0,"height":0},"classes":[]},{"id":311,"url":"https:\/\/espritlibre.ovh\/?p=311","url_meta":{"origin":7483,"position":1},"title":"\u00d4de \u00e0 20 doigts","author":"Esprit Libre","date":"16 novembre 2021","format":false,"excerpt":"Une craie de pince-noisette casse la glace au neutronium fou. Perdu dans une d\u00e9viance al\u00e9atoire, l\u2019ange-divin saccage les pots de miel du p\u00e8re castor. Tout est ferm\u00e9 sur l\u2019au-del\u00e0 de l\u2019empire des masques. Le r\u00e8gne de la peur s\u2019endive dans une salade hypodermique. A Saint-Ptomatik, province chinoise, on vit l\u2019aiguille\u2026","rel":"","context":"Dans &quot;Expression Libre&quot;","block_context":{"text":"Expression Libre","link":"https:\/\/espritlibre.ovh\/?cat=3"},"img":{"alt_text":"","src":"https:\/\/i0.wp.com\/espritlibre.ovh\/wp-content\/uploads\/2021\/11\/art-1839006_640.jpg?fit=640%2C360&ssl=1&resize=350%2C200","width":350,"height":200,"srcset":"https:\/\/i0.wp.com\/espritlibre.ovh\/wp-content\/uploads\/2021\/11\/art-1839006_640.jpg?fit=640%2C360&ssl=1&resize=350%2C200 1x, https:\/\/i0.wp.com\/espritlibre.ovh\/wp-content\/uploads\/2021\/11\/art-1839006_640.jpg?fit=640%2C360&ssl=1&resize=525%2C300 1.5x"},"classes":[]},{"id":123,"url":"https:\/\/espritlibre.ovh\/?p=123","url_meta":{"origin":7483,"position":2},"title":"Ode \u00e0  vingt doigts","author":"Esprit Libre","date":"24 octobre 2021","format":false,"excerpt":"Une craie de pince-noisette casse la glace au neutronium fou. Perdu dans une d\u00e9viance al\u00e9atoire, l\u2019ange-divin saccage les pots de miel du p\u00e8re castor. Tout est ferm\u00e9 sur l\u2019au-del\u00e0 de l\u2019empire des masques. Le r\u00e8gne de la peur s\u2019endive dans une salade hypodermique. A Saint-Ptomatik, province chinoise, on vit l\u2019aiguille\u2026","rel":"","context":"Dans &quot;Non class\u00e9&quot;","block_context":{"text":"Non class\u00e9","link":"https:\/\/espritlibre.ovh\/?cat=1"},"img":{"alt_text":"","src":"https:\/\/i0.wp.com\/espritlibre.ovh\/wp-content\/uploads\/2021\/10\/ode.jpg?fit=640%2C365&ssl=1&resize=350%2C200","width":350,"height":200,"srcset":"https:\/\/i0.wp.com\/espritlibre.ovh\/wp-content\/uploads\/2021\/10\/ode.jpg?fit=640%2C365&ssl=1&resize=350%2C200 1x, https:\/\/i0.wp.com\/espritlibre.ovh\/wp-content\/uploads\/2021\/10\/ode.jpg?fit=640%2C365&ssl=1&resize=525%2C300 1.5x"},"classes":[]},{"id":1027,"url":"https:\/\/espritlibre.ovh\/?p=1027","url_meta":{"origin":7483,"position":3},"title":"L&rsquo;\u00e9cran p\u00e9tochard","author":"Esprit Libre","date":"28 juillet 2022","format":false,"excerpt":"Il vit sur une planche de bois band\u00e9 tenant sur une courgette \u00e0 tube \u00e9clectique C'est l'\u00e9cran p\u00e9tochard Il fuit le m\u00e2le rugissant dominant la civi\u00e8re \u00e9toil\u00e9e de l'os thermique du rongeur marqu\u00e9 Noir \u00e9teint, quadri allum\u00e9, on ne sait o\u00f9 et quand il donnera le change au banquier Suisse\u2026","rel":"","context":"Dans &quot;Expression Libre&quot;","block_context":{"text":"Expression Libre","link":"https:\/\/espritlibre.ovh\/?cat=3"},"img":{"alt_text":"","src":"https:\/\/i0.wp.com\/espritlibre.ovh\/wp-content\/uploads\/2022\/07\/lostplace-5062993_1920.jpg?fit=1200%2C798&ssl=1&resize=350%2C200","width":350,"height":200,"srcset":"https:\/\/i0.wp.com\/espritlibre.ovh\/wp-content\/uploads\/2022\/07\/lostplace-5062993_1920.jpg?fit=1200%2C798&ssl=1&resize=350%2C200 1x, https:\/\/i0.wp.com\/espritlibre.ovh\/wp-content\/uploads\/2022\/07\/lostplace-5062993_1920.jpg?fit=1200%2C798&ssl=1&resize=525%2C300 1.5x, https:\/\/i0.wp.com\/espritlibre.ovh\/wp-content\/uploads\/2022\/07\/lostplace-5062993_1920.jpg?fit=1200%2C798&ssl=1&resize=700%2C400 2x, https:\/\/i0.wp.com\/espritlibre.ovh\/wp-content\/uploads\/2022\/07\/lostplace-5062993_1920.jpg?fit=1200%2C798&ssl=1&resize=1050%2C600 3x"},"classes":[]},{"id":478,"url":"https:\/\/espritlibre.ovh\/?p=478","url_meta":{"origin":7483,"position":4},"title":"Derri\u00e8re les \u00e9tiquettes","author":"Esprit Libre","date":"31 janvier 2022","format":false,"excerpt":"Le temps souffle en extension de derri\u00e8res les \u00e9tiquettes, la mante religieuse, Le sol jonch\u00e9 d'\u00e9pines, la montagne combl\u00e9e de soup\u00e7ons agrutilants. La vent et le feu s'oublient dans un carcan d'eau ti\u00e8de \u00e9paissie et glissant sur la rivi\u00e8re Li mollassonne. Au bout de la nuit, l'arc en ciel se\u2026","rel":"","context":"Dans &quot;Le daddysme&quot;","block_context":{"text":"Le daddysme","link":"https:\/\/espritlibre.ovh\/?cat=10"},"img":{"alt_text":"","src":"https:\/\/i0.wp.com\/espritlibre.ovh\/wp-content\/uploads\/2021\/10\/freedom-gb48400333_640-1.jpg?fit=640%2C426&ssl=1&resize=350%2C200","width":350,"height":200,"srcset":"https:\/\/i0.wp.com\/espritlibre.ovh\/wp-content\/uploads\/2021\/10\/freedom-gb48400333_640-1.jpg?fit=640%2C426&ssl=1&resize=350%2C200 1x, https:\/\/i0.wp.com\/espritlibre.ovh\/wp-content\/uploads\/2021\/10\/freedom-gb48400333_640-1.jpg?fit=640%2C426&ssl=1&resize=525%2C300 1.5x"},"classes":[]},{"id":5699,"url":"https:\/\/espritlibre.ovh\/?p=5699","url_meta":{"origin":7483,"position":5},"title":"L\u2019heure de partir","author":"Esprit Libre","date":"22 d\u00e9cembre 2024","format":false,"excerpt":"Le m\u00e9tronome s\u2019allonge sur les lignes temporelles L\u2019hiver creuse les jours en distorsion nocturne Le chat saute \u00e0 la trompe du louveteau L\u2019unique s\u2019abat dans la chambre jaune Quelle histoire sonnant trop vite le glas du gong La pierre imite le sommeil environnant Tic-tac, tic-tac, annonce l\u2019aiguille au sonotone Le\u2026","rel":"","context":"Dans &quot;Expression Libre&quot;","block_context":{"text":"Expression Libre","link":"https:\/\/espritlibre.ovh\/?cat=3"},"img":{"alt_text":"","src":"https:\/\/i0.wp.com\/espritlibre.ovh\/wp-content\/uploads\/2022\/12\/surreal.jpg?fit=1200%2C675&ssl=1&resize=350%2C200","width":350,"height":200,"srcset":"https:\/\/i0.wp.com\/espritlibre.ovh\/wp-content\/uploads\/2022\/12\/surreal.jpg?fit=1200%2C675&ssl=1&resize=350%2C200 1x, https:\/\/i0.wp.com\/espritlibre.ovh\/wp-content\/uploads\/2022\/12\/surreal.jpg?fit=1200%2C675&ssl=1&resize=525%2C300 1.5x, https:\/\/i0.wp.com\/espritlibre.ovh\/wp-content\/uploads\/2022\/12\/surreal.jpg?fit=1200%2C675&ssl=1&resize=700%2C400 2x, https:\/\/i0.wp.com\/espritlibre.ovh\/wp-content\/uploads\/2022\/12\/surreal.jpg?fit=1200%2C675&ssl=1&resize=1050%2C600 3x"},"classes":[]}],"jetpack_sharing_enabled":true,"_links":{"self":[{"href":"https:\/\/espritlibre.ovh\/index.php?rest_route=\/wp\/v2\/posts\/7483","targetHints":{"allow":["GET"]}}],"collection":[{"href":"https:\/\/espritlibre.ovh\/index.php?rest_route=\/wp\/v2\/posts"}],"about":[{"href":"https:\/\/espritlibre.ovh\/index.php?rest_route=\/wp\/v2\/types\/post"}],"author":[{"embeddable":true,"href":"https:\/\/espritlibre.ovh\/index.php?rest_route=\/wp\/v2\/users\/1"}],"replies":[{"embeddable":true,"href":"https:\/\/espritlibre.ovh\/index.php?rest_route=%2Fwp%2Fv2%2Fcomments&post=7483"}],"version-history":[{"count":0,"href":"https:\/\/espritlibre.ovh\/index.php?rest_route=\/wp\/v2\/posts\/7483\/revisions"}],"wp:featuredmedia":[{"embeddable":true,"href":"https:\/\/espritlibre.ovh\/index.php?rest_route=\/wp\/v2\/media\/7484"}],"wp:attachment":[{"href":"https:\/\/espritlibre.ovh\/index.php?rest_route=%2Fwp%2Fv2%2Fmedia&parent=7483"}],"wp:term":[{"taxonomy":"category","embeddable":true,"href":"https:\/\/espritlibre.ovh\/index.php?rest_route=%2Fwp%2Fv2%2Fcategories&post=7483"},{"taxonomy":"post_tag","embeddable":true,"href":"https:\/\/espritlibre.ovh\/index.php?rest_route=%2Fwp%2Fv2%2Ftags&post=7483"}],"curies":[{"name":"wp","href":"https:\/\/api.w.org\/{rel}","templated":true}]}}